{"id":19530,"date":"2026-09-04T11:18:06","date_gmt":"2026-09-04T09:18:06","guid":{"rendered":"https:\/\/www.incitygolf.com\/manca-solo-un-mese-in-city-golf-verona-il-3-ottobre-2026\/"},"modified":"2026-09-04T11:20:06","modified_gmt":"2026-09-04T09:20:06","slug":"manca-solo-un-mese-in-city-golf-verona-il-3-ottobre-2026","status":"publish","type":"post","link":"https:\/\/www.incitygolf.com\/de\/manca-solo-un-mese-in-city-golf-verona-il-3-ottobre-2026\/","title":{"rendered":"Nur noch ein Monat: In City Golf Verona am 3. Oktober 2026"},"content":{"rendered":"\n<style type=\"text\/css\" data-created_by=\"avia_inline_auto\" id=\"style-css-av-mtmqqr6u-3947f9e802f0a38c1cd2117d18569590\">\n#top .av-special-heading.av-mtmqqr6u-3947f9e802f0a38c1cd2117d18569590{\npadding-bottom:10px;\n}\nbody .av-special-heading.av-mtmqqr6u-3947f9e802f0a38c1cd2117d18569590 .av-special-heading-tag .heading-char{\nfont-size:25px;\n}\n.av-special-heading.av-mtmqqr6u-3947f9e802f0a38c1cd2117d18569590 .av-subheading{\nfont-size:15px;\n}\n<\/style>\n<div  class='av-special-heading av-mtmqqr6u-3947f9e802f0a38c1cd2117d18569590 av-special-heading-h1  avia-builder-el-0  el_before_av_one_half  avia-builder-el-first '><h1 class='av-special-heading-tag '  itemprop=\"headline\"  >Nur noch ein Monat: In City Golf Verona am 3. Oktober 2026<\/h1><div class=\"special-heading-border\"><div class=\"special-heading-inner-border\"><\/div><\/div><\/div>\n<div  class='flex_column av-za6l15-0d8c96c6308a81075e2e9ca69b182523 av_one_half  avia-builder-el-1  el_after_av_heading  el_before_av_one_half  first flex_column_div  '     ><style type=\"text\/css\" data-created_by=\"avia_inline_auto\" id=\"style-css-av-mtmqq27c-5694285c86f7c95a54004a269c86daa1\">\n.avia-image-container.av-mtmqq27c-5694285c86f7c95a54004a269c86daa1 img.avia_image{\nbox-shadow:none;\n}\n.avia-image-container.av-mtmqq27c-5694285c86f7c95a54004a269c86daa1 .av-image-caption-overlay-center{\ncolor:#ffffff;\n}\n<\/style>\n<div  class='avia-image-container av-mtmqq27c-5694285c86f7c95a54004a269c86daa1 av-styling- avia-align-center  avia-builder-el-2  avia-builder-el-no-sibling '   itemprop=\"image\" itemscope=\"itemscope\" itemtype=\"https:\/\/schema.org\/ImageObject\" ><div class=\"avia-image-container-inner\"><div class=\"avia-image-overlay-wrap\"><img decoding=\"async\" fetchpriority=\"high\" class='wp-image-19516 avia-img-lazy-loading-not-19516 avia_image ' src=\"https:\/\/www.incitygolf.com\/wp-content\/uploads\/2026\/09\/VR-Post-save-the-date-2026-meno-un-mese.jpg\" alt='' title='VR Post save the date 2026 meno un mese'  height=\"1500\" width=\"1200\"  itemprop=\"thumbnailUrl\" srcset=\"https:\/\/www.incitygolf.com\/wp-content\/uploads\/2026\/09\/VR-Post-save-the-date-2026-meno-un-mese.jpg 1200w, https:\/\/www.incitygolf.com\/wp-content\/uploads\/2026\/09\/VR-Post-save-the-date-2026-meno-un-mese-240x300.jpg 240w, https:\/\/www.incitygolf.com\/wp-content\/uploads\/2026\/09\/VR-Post-save-the-date-2026-meno-un-mese-824x1030.jpg 824w, https:\/\/www.incitygolf.com\/wp-content\/uploads\/2026\/09\/VR-Post-save-the-date-2026-meno-un-mese-768x960.jpg 768w, https:\/\/www.incitygolf.com\/wp-content\/uploads\/2026\/09\/VR-Post-save-the-date-2026-meno-un-mese-564x705.jpg 564w\" sizes=\"(max-width: 1200px) 100vw, 1200px\" \/><\/div><\/div><\/div><\/div>\n<div  class='flex_column av-vwfftl-5a5454451ddd75ed80e9e924fd41acd2 av_one_half  avia-builder-el-3  el_after_av_one_half  avia-builder-el-last  flex_column_div  '     ><section  class='av_textblock_section av-mtmqpe91-f7a7d67acd929ee0823eb117c8cd7109 '   itemscope=\"itemscope\" itemtype=\"https:\/\/schema.org\/BlogPosting\" itemprop=\"blogPost\" ><div class='avia_textblock'  itemprop=\"text\" ><p>In einem Monat ist es wieder so weit: Am 3. Oktober verwandelt In City Golf die Stra\u00dfen und Pl\u00e4tze von Verona in einen au\u00dfergew\u00f6hnlichen Golfplatz. Gespielt wird erneut mitten im historischen Zentrum und vor einigen der bedeutendsten Monumente der Stadt \u2013 darunter nat\u00fcrlich auch die weltber\u00fchmte Arena di Verona. Die einzigartige Kombination aus Golf, Kultur und urbanem Flair macht diesen Tag zu einem ganz besonderen Erlebnis. Wir freuen uns darauf, Verona wieder aus einer v\u00f6llig neuen Perspektive zu entdecken!<\/p>\n<\/div><\/section><\/div>\n","protected":false},"excerpt":{"rendered":"","protected":false},"author":5,"featured_media":19516,"comment_status":"closed","ping_status":"closed","sticky":false,"template":"","format":"standard","meta":{"footnotes":""},"categories":[80],"tags":[],"class_list":["post-19530","post","type-post","status-publish","format-standard","has-post-thumbnail","hentry","category-news-de"],"_links":{"self":[{"href":"https:\/\/www.incitygolf.com\/de\/wp-json\/wp\/v2\/posts\/19530","targetHints":{"allow":["GET"]}}],"collection":[{"href":"https:\/\/www.incitygolf.com\/de\/wp-json\/wp\/v2\/posts"}],"about":[{"href":"https:\/\/www.incitygolf.com\/de\/wp-json\/wp\/v2\/types\/post"}],"author":[{"embeddable":true,"href":"https:\/\/www.incitygolf.com\/de\/wp-json\/wp\/v2\/users\/5"}],"replies":[{"embeddable":true,"href":"https:\/\/www.incitygolf.com\/de\/wp-json\/wp\/v2\/comments?post=19530"}],"version-history":[{"count":4,"href":"https:\/\/www.incitygolf.com\/de\/wp-json\/wp\/v2\/posts\/19530\/revisions"}],"predecessor-version":[{"id":19533,"href":"https:\/\/www.incitygolf.com\/de\/wp-json\/wp\/v2\/posts\/19530\/revisions\/19533"}],"wp:featuredmedia":[{"embeddable":true,"href":"https:\/\/www.incitygolf.com\/de\/wp-json\/wp\/v2\/media\/19516"}],"wp:attachment":[{"href":"https:\/\/www.incitygolf.com\/de\/wp-json\/wp\/v2\/media?parent=19530"}],"wp:term":[{"taxonomy":"category","embeddable":true,"href":"https:\/\/www.incitygolf.com\/de\/wp-json\/wp\/v2\/categories?post=19530"},{"taxonomy":"post_tag","embeddable":true,"href":"https:\/\/www.incitygolf.com\/de\/wp-json\/wp\/v2\/tags?post=19530"}],"curies":[{"name":"wp","href":"https:\/\/api.w.org\/{rel}","templated":true}]}}